"{\r\n  \u0022heading\u0022: \u0022\u003Cp class=\u0027text-strong\u0027\u003Elatent arbetss\u00F6kande\u003C/p\u003E\u0022,\r\n  \u0022body\u0022: \u0022\u003Cp\u003EDenna \u003Ca href=\u0027/Ordlista/GetTermsJson/?ord=grupp\u0027 class=\u0027termsLinkDialog\u0027\u003Egrupp\u003C/a\u003E best\u00E5r av personer i kategorin \u003Ca href=\u0027/Ordlista/GetTermsJson/?ord=ej\u002Bi\u002Barbetskraften\u0027 class=\u0027termsLinkDialog\u0027\u003Eej i arbetskraften\u003C/a\u003E som velat och kunnat arbeta den unders\u00F6kta veckan men inte s\u00F6kt n\u00E5got arbete.\u003C/p\u003E\u0022,\r\n  \u0022link\u0022: \u0022\u003Cp\u003E\u003Ca class=\u0027tooltipster-content-link\u0027 href=\u0027/dokumentation/ordlista/#latent-arbetss\u00F6kande\u0027\u003EHela ordlistan\u003C/a\u003E\u003Ca href=\u0027Javascript:void(0)\u0027 class=\u0027closeTooltipster\u0027\u003ESt\u00E4ng\u003C/a\u003E\u0022\r\n}"